 {"id":1903,"date":"2021-04-24T11:46:00","date_gmt":"2021-04-24T14:46:00","guid":{"rendered":"https:\/\/aefspr.org.br\/?p=1903"},"modified":"2021-12-07T10:18:15","modified_gmt":"2021-12-07T13:18:15","slug":"1903-2","status":"publish","type":"post","link":"https:\/\/aefspr.org.br\/?p=1903","title":{"rendered":"Dia internacional do Jovem Trabalhador"},"content":{"rendered":"\n<p class=\"has-text-align-center\"><img fetchpriority=\"high\" decoding=\"async\" width=\"720\" height=\"430\" class=\"wp-image-1904\" style=\"width: 720px;\" src=\"https:\/\/aefspr.org.br\/wp-content\/uploads\/2021\/04\/face-2604.png\" alt=\"\" srcset=\"https:\/\/aefspr.org.br\/wp-content\/uploads\/2021\/04\/face-2604.png 591w, https:\/\/aefspr.org.br\/wp-content\/uploads\/2021\/04\/face-2604-300x179.png 300w\" sizes=\"(max-width: 720px) 100vw, 720px\" \/><\/p>\n\n\n\n<p class=\"has-text-align-left\">No dia 24 de abril \u00e9 comemorado o Dia internacional do Jovem Trabalhador. Essa data serve para conscientizar e refor\u00e7ar a import\u00e2ncia da oferta de trabalho seguro e qualificado. Pensando nisso e AEFSPR (Associa\u00e7\u00e3o de Educa\u00e7\u00e3o Familiar e Social do Paran\u00e1) realizou uma live em comemora\u00e7\u00e3o que contou com mais de 350 participantes entre adolescentes e jovens atendidos, representantes da sociedade civil, colaboradores da institui\u00e7\u00e3o e empres\u00e1rios representantes de empresas parceiras. O encontro foi conduzido pela Coordenadora de cursos, Geisse Mar\u00e7al, que refor\u00e7ou o papel atuante da entidade: <em>\u201c- A AEFS atua a mais de 20 anos no sistema de aprendizagem e j\u00e1 formou mais de 16 mil jovens para o mundo do trabalho.\u201d <\/em>O presidente da FAS (Funda\u00e7\u00e3o de A\u00e7\u00e3o Social), Fabiano Vilaruel, que foi um dos convidados, fez um relato emocionante sobre sua trajet\u00f3ria profissional, que teve in\u00edcio na AEFSPR, falou da import\u00e2ncia desse olhar para o primeiro emprego e que isso possibilita a transforma\u00e7\u00e3o do jovem, emocionado Fabiano disse: <em>\u201c- Acreditem no processo de aprendizagem e na constru\u00e7\u00e3o da sua carreira, acreditem em voc\u00eas jovens.\u201d <\/em>A live tamb\u00e9m contou com a participa\u00e7\u00e3o de Edmilson Antonio Ferreira (colaborador da CESBE), o qual lembrou que a parceria com a associa\u00e7\u00e3o dura mais de quinze anos e o quanto \u00e9 importante ajudar a forma esses jovens, sobre essa parceria Edmilson falou: <em>\u201c- Dos jovens que nos recebemos na nossa empresa mais de 40% chegam ao processo de efetiva\u00e7\u00e3o e que j\u00e1 faz parte do DNA da empresa formar esses aprendizes.\u201d <\/em>Como convidados tamb\u00e9m participaram aprendizes e egressos da AEFSPR, os quais relataram como foi ou est\u00e1 sendo a sua trajet\u00f3ria como aprendiz. Flavia Machado, que foi aprendiz em 2010 disse: <em>\u201c- Hoje eu j\u00e1 sou formada, mas foi t\u00e3o importante para mim ter iniciado na AEFS, que se pudesse, seria novamente jovem aprendiz.\u201d<\/em> Na sequencia deram o depoimentos jovem que est\u00e3o passando pelo processo de aprendizagem nas empresas. Para Juliano Motta essa oportunidade mudou sua vida, sobre isso disse: <em>\u201c- Na aprendizagem come\u00e7amos a aprender sobre a vida adulta.\u201d<\/em> O que Lais de Oliveira, a segunda a falar refor\u00e7ou dizendo: <em>\u201c- Todos deveriam ter essa oportunidade.\u201d<\/em> Por fim, Kelvin Santos relatou: <em>\u201c- Est\u00e1 seno uma experi\u00eancia que vai marcar a minha vida pelo resto da minha vida.\u201d<\/em>&nbsp; Como convidada tamb\u00e9m participou a orientadora Alethea Silveira, que trouxe a import\u00e2ncia do trabalho com o jovem: <em>\u201c- Trabalhar com o jovem aprendiz \u00e9 uma troca m\u00fatua. Vamos aprendendo e crescendo juntos.\u201d<\/em> Para o fechamento da live contamos com as importantes palavras da senhora Rosa Sato, vice presidente da AEFSPR, a qual de maneira l\u00fadica contou uma historia para ilustrar a import\u00e2ncia do jovem na sociedade e com as pr\u00f3prias palavras disse: <em>\u201c- Jovens s\u00e3o como sementes, eles precisam ser regados, cuidados, para depois colher os frutos.\u201d<\/em> Aproveitando a oportunidade, Rosa Sato lan\u00e7ou a mais nova campanha da AEFSPR \u2013 Rumo aos 70 Anos, a qual no decorrer do ano vai contar toda a historia da entidade e seus principais feitos na sociedade civil, culminando na comemora\u00e7\u00e3o dos 70 anos de exist\u00eancia a AEFSPR. Como palavras do fechamento do encontro e representante da entidade, Dona Rosa disse: <em>\u201c- Agrade\u00e7o a Deus por estar podendo semear boas semente para o futuro da sociedade\u201d.<\/em><\/p>\n","protected":false},"excerpt":{"rendered":"<p>No dia 24 de abril \u00e9 comemorado o Dia internacional do Jovem Trabalhador. Essa data serve para conscientizar e refor\u00e7ar a import\u00e2ncia da oferta de trabalho seguro e qualificado. Pensando nisso e AEFSPR (Associa\u00e7\u00e3o de Educa\u00e7\u00e3o Familiar e Social do Paran\u00e1) realizou uma live em comemora\u00e7\u00e3o que contou com mais [&hellip;]<\/p>\n","protected":false},"author":5,"featured_media":0,"comment_status":"open","ping_status":"open","sticky":false,"template":"","format":"standard","meta":{"_acf_changed":false,"iawp_total_views":1,"_joinchat":[],"footnotes":""},"categories":[1],"tags":[],"class_list":["post-1903","post","type-post","status-publish","format-standard","hentry","category-blog"],"acf":[],"_links":{"self":[{"href":"https:\/\/aefspr.org.br\/index.php?rest_route=\/wp\/v2\/posts\/1903","targetHints":{"allow":["GET"]}}],"collection":[{"href":"https:\/\/aefspr.org.br\/index.php?rest_route=\/wp\/v2\/posts"}],"about":[{"href":"https:\/\/aefspr.org.br\/index.php?rest_route=\/wp\/v2\/types\/post"}],"author":[{"embeddable":true,"href":"https:\/\/aefspr.org.br\/index.php?rest_route=\/wp\/v2\/users\/5"}],"replies":[{"embeddable":true,"href":"https:\/\/aefspr.org.br\/index.php?rest_route=%2Fwp%2Fv2%2Fcomments&post=1903"}],"version-history":[{"count":2,"href":"https:\/\/aefspr.org.br\/index.php?rest_route=\/wp\/v2\/posts\/1903\/revisions"}],"predecessor-version":[{"id":2167,"href":"https:\/\/aefspr.org.br\/index.php?rest_route=\/wp\/v2\/posts\/1903\/revisions\/2167"}],"wp:attachment":[{"href":"https:\/\/aefspr.org.br\/index.php?rest_route=%2Fwp%2Fv2%2Fmedia&parent=1903"}],"wp:term":[{"taxonomy":"category","embeddable":true,"href":"https:\/\/aefspr.org.br\/index.php?rest_route=%2Fwp%2Fv2%2Fcategories&post=1903"},{"taxonomy":"post_tag","embeddable":true,"href":"https:\/\/aefspr.org.br\/index.php?rest_route=%2Fwp%2Fv2%2Ftags&post=1903"}],"curies":[{"name":"wp","href":"https:\/\/api.w.org\/{rel}","templated":true}]}}