 {"id":2205,"date":"2022-01-14T09:07:34","date_gmt":"2022-01-14T12:07:34","guid":{"rendered":"https:\/\/aefspr.org.br\/?p=2205"},"modified":"2022-01-14T14:08:32","modified_gmt":"2022-01-14T17:08:32","slug":"queremos-compartilhar-com-todos","status":"publish","type":"post","link":"https:\/\/aefspr.org.br\/?p=2205","title":{"rendered":"Queremos compartilhar com todos"},"content":{"rendered":"\n<p>Queremos compartilhar com todos voc\u00eas um pouco da nossa alegria! Hoje, 14 de janeiro, estamos comemorando 70 anos. Nos orgulhamos de em poder contribuir todo esse tempo com o desenvolvimento sociedade curitibana. Iniciamos em 1952 com a oferta do curso de servi\u00e7o social, que formou toda uma gera\u00e7\u00e3o de profissionais voltados \u00e0 constru\u00e7\u00e3o da cidadania. Atuamos ainda em outras frentes at\u00e9 que em 1993 direcionamos nossos esfor\u00e7os para a promo\u00e7\u00e3o do direito \u00e0 profissionaliza\u00e7\u00e3o de adolescentes e jovens. A partir de 2000 nosso trabalho se organizou nos moldes da aprendizagem profissional e de l\u00e1 pra c\u00e1 j\u00e1 tivemos mais de 17 mil adolescentes e jovens inseridos no mundo do trabalho. Com certeza temos muito o que comemorar!<\/p>\n\n\n\n<p><\/p>\n\n\n\n<figure class=\"wp-block-image size-large\"><img fetchpriority=\"high\" decoding=\"async\" width=\"1024\" height=\"576\" src=\"https:\/\/aefspr.org.br\/wp-content\/uploads\/2021\/12\/70anos-2-1024x576.jpg\" alt=\"\" class=\"wp-image-2196\" srcset=\"https:\/\/aefspr.org.br\/wp-content\/uploads\/2021\/12\/70anos-2-1024x576.jpg 1024w, https:\/\/aefspr.org.br\/wp-content\/uploads\/2021\/12\/70anos-2-300x169.jpg 300w, https:\/\/aefspr.org.br\/wp-content\/uploads\/2021\/12\/70anos-2-768x432.jpg 768w, https:\/\/aefspr.org.br\/wp-content\/uploads\/2021\/12\/70anos-2.jpg 1280w\" sizes=\"(max-width: 1024px) 100vw, 1024px\" \/><\/figure>\n","protected":false},"excerpt":{"rendered":"<p>Queremos compartilhar com todos voc\u00eas um pouco da nossa alegria! Hoje, 14 de janeiro, estamos comemorando 70 anos. Nos orgulhamos de em poder contribuir todo esse tempo com o desenvolvimento sociedade curitibana. Iniciamos em 1952 com a oferta do curso de servi\u00e7o social, que formou toda uma gera\u00e7\u00e3o de profissionais [&hellip;]<\/p>\n","protected":false},"author":5,"featured_media":149,"comment_status":"open","ping_status":"open","sticky":false,"template":"","format":"standard","meta":{"_acf_changed":false,"iawp_total_views":0,"_joinchat":[],"footnotes":""},"categories":[1],"tags":[],"class_list":["post-2205","post","type-post","status-publish","format-standard","has-post-thumbnail","hentry","category-blog"],"acf":[],"_links":{"self":[{"href":"https:\/\/aefspr.org.br\/index.php?rest_route=\/wp\/v2\/posts\/2205","targetHints":{"allow":["GET"]}}],"collection":[{"href":"https:\/\/aefspr.org.br\/index.php?rest_route=\/wp\/v2\/posts"}],"about":[{"href":"https:\/\/aefspr.org.br\/index.php?rest_route=\/wp\/v2\/types\/post"}],"author":[{"embeddable":true,"href":"https:\/\/aefspr.org.br\/index.php?rest_route=\/wp\/v2\/users\/5"}],"replies":[{"embeddable":true,"href":"https:\/\/aefspr.org.br\/index.php?rest_route=%2Fwp%2Fv2%2Fcomments&post=2205"}],"version-history":[{"count":1,"href":"https:\/\/aefspr.org.br\/index.php?rest_route=\/wp\/v2\/posts\/2205\/revisions"}],"predecessor-version":[{"id":2206,"href":"https:\/\/aefspr.org.br\/index.php?rest_route=\/wp\/v2\/posts\/2205\/revisions\/2206"}],"wp:featuredmedia":[{"embeddable":true,"href":"https:\/\/aefspr.org.br\/index.php?rest_route=\/wp\/v2\/media\/149"}],"wp:attachment":[{"href":"https:\/\/aefspr.org.br\/index.php?rest_route=%2Fwp%2Fv2%2Fmedia&parent=2205"}],"wp:term":[{"taxonomy":"category","embeddable":true,"href":"https:\/\/aefspr.org.br\/index.php?rest_route=%2Fwp%2Fv2%2Fcategories&post=2205"},{"taxonomy":"post_tag","embeddable":true,"href":"https:\/\/aefspr.org.br\/index.php?rest_route=%2Fwp%2Fv2%2Ftags&post=2205"}],"curies":[{"name":"wp","href":"https:\/\/api.w.org\/{rel}","templated":true}]}}