 {"id":2376,"date":"2022-05-12T13:47:19","date_gmt":"2022-05-12T16:47:19","guid":{"rendered":"https:\/\/aefspr.org.br\/?p=2376"},"modified":"2022-05-12T13:47:19","modified_gmt":"2022-05-12T16:47:19","slug":"formacao-inicial-concluida","status":"publish","type":"post","link":"https:\/\/aefspr.org.br\/?p=2376","title":{"rendered":"Forma\u00e7\u00e3o Inicial conclu\u00edda"},"content":{"rendered":"\n<p>Na primeira semana de maio, com a Formatura da Turma 08 composta de 25 alunos, conclu\u00edmos a Edi\u00e7\u00e3o 2021\/2022 da \u2018Forma\u00e7\u00e3o Inicial\u2019 que capacitou ao todo 200 adolescentes. Esta iniciativa, implementada em parceria com a Funda\u00e7\u00e3o de A\u00e7\u00e3o Social \u2013 FAS,&nbsp; constitui-se nos moldes da pr\u00e9-aprendizagem e busca promover a inser\u00e7\u00e3o de adolescentes p\u00fablico-alvo da assist\u00eancia social em programa de aprendizagem profissional.<\/p>\n\n\n\n<p>A \u201cForma\u00e7\u00e3o Inicial\u2019 \u00e9 uma importante estrat\u00e9gia de qualifica\u00e7\u00e3o profissional, precedente e preparat\u00f3ria \u00e0 inser\u00e7\u00e3o em programa de aprendizagem, com carga-hor\u00e1ria de 100 horas\/aula que possibilita sensibilizar o adolescente para a cultura do mundo do trabalho a partir dos seguintes eixos estrat\u00e9gicos: a) Direitos humanos e sociais \u2013 voltado para a forma\u00e7\u00e3o \u00e9tica e cidad\u00e3, b) Jovem e o mundo do trabalho \u2013 \u00eanfase na organiza\u00e7\u00e3o do adolescente para o mundo do trabalho; c) Inform\u00e1tica b\u00e1sica \u2013 propicia a inclus\u00e3o digital do adolescente; e, d) Processos de trabalho \u2013 cultura organizacional e rotinas administrativas.<\/p>\n\n\n\n<p>Com a \u2018Forma\u00e7\u00e3o Inicial\u2019 conclu\u00edda&nbsp; estes adolescentes est\u00e3o aptos para o preenchimento das vagas de aprendizes junto \u00e0s empresas parceiras da AEFSPR.<\/p>\n\n\n\n<p>#formacaoinicial; #parceriafas; #aefspraprendizagemprofissional<\/p>\n\n\n\n<figure class=\"wp-block-image size-full\"><img fetchpriority=\"high\" decoding=\"async\" width=\"940\" height=\"788\" src=\"https:\/\/aefspr.org.br\/wp-content\/uploads\/2022\/05\/Formacao-Inicial-2022.png\" alt=\"\" class=\"wp-image-2377\" srcset=\"https:\/\/aefspr.org.br\/wp-content\/uploads\/2022\/05\/Formacao-Inicial-2022.png 940w, https:\/\/aefspr.org.br\/wp-content\/uploads\/2022\/05\/Formacao-Inicial-2022-300x251.png 300w, https:\/\/aefspr.org.br\/wp-content\/uploads\/2022\/05\/Formacao-Inicial-2022-768x644.png 768w\" sizes=\"(max-width: 940px) 100vw, 940px\" \/><figcaption>Forma\u00e7\u00e3o Inicial | AEFSPR 05.2022.<\/figcaption><\/figure>\n\n\n\n<p><\/p>\n","protected":false},"excerpt":{"rendered":"<p>Na primeira semana de maio, com a Formatura da Turma 08 composta de 25 alunos, conclu\u00edmos a Edi\u00e7\u00e3o 2021\/2022 da \u2018Forma\u00e7\u00e3o Inicial\u2019 que capacitou ao todo 200 adolescentes. Esta iniciativa, implementada em parceria com a Funda\u00e7\u00e3o de A\u00e7\u00e3o Social \u2013 FAS,&nbsp; constitui-se nos moldes da pr\u00e9-aprendizagem e busca promover a [&hellip;]<\/p>\n","protected":false},"author":5,"featured_media":0,"comment_status":"open","ping_status":"open","sticky":false,"template":"","format":"standard","meta":{"_acf_changed":false,"iawp_total_views":1,"_joinchat":[],"footnotes":""},"categories":[1],"tags":[],"class_list":["post-2376","post","type-post","status-publish","format-standard","hentry","category-blog"],"acf":[],"_links":{"self":[{"href":"https:\/\/aefspr.org.br\/index.php?rest_route=\/wp\/v2\/posts\/2376","targetHints":{"allow":["GET"]}}],"collection":[{"href":"https:\/\/aefspr.org.br\/index.php?rest_route=\/wp\/v2\/posts"}],"about":[{"href":"https:\/\/aefspr.org.br\/index.php?rest_route=\/wp\/v2\/types\/post"}],"author":[{"embeddable":true,"href":"https:\/\/aefspr.org.br\/index.php?rest_route=\/wp\/v2\/users\/5"}],"replies":[{"embeddable":true,"href":"https:\/\/aefspr.org.br\/index.php?rest_route=%2Fwp%2Fv2%2Fcomments&post=2376"}],"version-history":[{"count":1,"href":"https:\/\/aefspr.org.br\/index.php?rest_route=\/wp\/v2\/posts\/2376\/revisions"}],"predecessor-version":[{"id":2378,"href":"https:\/\/aefspr.org.br\/index.php?rest_route=\/wp\/v2\/posts\/2376\/revisions\/2378"}],"wp:attachment":[{"href":"https:\/\/aefspr.org.br\/index.php?rest_route=%2Fwp%2Fv2%2Fmedia&parent=2376"}],"wp:term":[{"taxonomy":"category","embeddable":true,"href":"https:\/\/aefspr.org.br\/index.php?rest_route=%2Fwp%2Fv2%2Fcategories&post=2376"},{"taxonomy":"post_tag","embeddable":true,"href":"https:\/\/aefspr.org.br\/index.php?rest_route=%2Fwp%2Fv2%2Ftags&post=2376"}],"curies":[{"name":"wp","href":"https:\/\/api.w.org\/{rel}","templated":true}]}}