 {"id":2390,"date":"2022-05-17T08:32:53","date_gmt":"2022-05-17T11:32:53","guid":{"rendered":"https:\/\/aefspr.org.br\/?p=2390"},"modified":"2022-05-17T08:32:53","modified_gmt":"2022-05-17T11:32:53","slug":"manifestacao-em-curitiba-alerta-para-medida-provisoria-que-prejudica-programas-de-menor-aprendiz","status":"publish","type":"post","link":"https:\/\/aefspr.org.br\/?p=2390","title":{"rendered":"Manifesta\u00e7\u00e3o em Curitiba alerta para medida provis\u00f3ria que prejudica programas de menor aprendiz"},"content":{"rendered":"\n<p>fonte: https:\/\/www.bemparana.com.br<\/p>\n\n\n\n<figure class=\"wp-block-image size-large\"><img decoding=\"async\" src=\"https:\/\/uploads.bemparana.com.br\/upload\/image\/noticia\/galeria\/noticiaimagens_145790_img1_0e025b8d-aba7-4009-89b1-008a266332eb.jpg\" alt=\"\"\/><figcaption>Foto: Valquir Aureliano<\/figcaption><\/figure>\n\n\n\n<p>16\/05\/22 \u00e0s 09:55&nbsp;Atualizado \u00e0s 20:12<strong>Reda\u00e7\u00e3o Bem Paran\u00e1<\/strong><\/p>\n\n\n\n<p>Com o lema #NenhumAprendizAMenos, representantes de organiza\u00e7\u00f5es formadoras de aprendizagem, sociedade civil organizada, \u00f3rg\u00e3os p\u00fablicos, al\u00e9m de jovens estudantes e aprendizes realizam nesta segunda (16) pela manh\u00e3 na frente da Assembleia Legislativa do Paran\u00e1, em Curitiba, um protesto contra a Medida Provis\u00f3ria n\u00ba 1.116, de 4 de maio de 2022, que institui o Programa Emprega + Mulheres e Jovens. De acordo com as entidades, a&nbsp;Medida Provis\u00f3ria aprovada no Congresso Nacional que fragiliza a aprendizagem profissional e compromete o futuro dos jovens no que diz respeito \u00e0 inser\u00e7\u00e3o no mundo do trabalho. As entidades querem a revoga\u00e7\u00e3o de artigos da MP que enfraquecem a aprendizagem e a aprova\u00e7\u00e3o do Estatuto da Aprendizagem.&nbsp; A mobiliza\u00e7\u00e3o \u00e9 nacional.<\/p>\n\n\n\n<p>Para os representantes do F\u00f3rum, a MP cria uma falsa ideia de que ser\u00e3o criadas mais oportunidades, especialmente para os jovens em situa\u00e7\u00e3o de vulnerabilidade. \u201cA MP precariza o programa de aprendizagem, trazendo uma redu\u00e7\u00e3o de cota quando diz que um aprendiz vulner\u00e1vel, se contratado, corresponde a duas vagas. Tamb\u00e9m aumenta o prazo do contrato e traz diversas inova\u00e7\u00f5es que dificultam a fiscaliza\u00e7\u00e3o dos \u00f3rg\u00e3os\u201d, afirma a procuradora regional do MPT Mariane Josviak. \u201cAl\u00e9m disso, a Medida prev\u00ea um prazo de at\u00e9 dois anos livre de multa para as empresas que j\u00e1 n\u00e3o cumpriam a lei se regularizarem. \u00c9 um retrocesso nunca visto antes, desde a publica\u00e7\u00e3o da Lei de Aprendizagem, em 2000.\u201d<\/p>\n\n\n\n<p><\/p>\n\n\n\n<p>De acordo com representantes dos f\u00f3runs regionais de aprendizagem, a pretexto de criar um programa de incentivo \u00e0 contrata\u00e7\u00e3o de jovens, a MP 1.116 traz, na verdade, a precariza\u00e7\u00e3o das rela\u00e7\u00f5es de trabalho e da Lei da Aprendizagem. \u201cNa pr\u00e1tica, a MP vai representar a extin\u00e7\u00e3o de cerca de 400 mil vagas para jovens aprendizes no Brasil, segundo estimativa da auditoria fiscal do Trabalho. Empresas que aderirem ao programa do Governo Federal estar\u00e3o livres de fiscaliza\u00e7\u00e3o por dois anos. Aquelas que j\u00e1 foram multadas por irregularidades v\u00e3o ter os processos de execu\u00e7\u00e3o suspensos\u201d, explicam.<\/p>\n\n\n\n<p>F\u00f3rum no Paran\u00e1 \u2013 Criado em 2004, o F\u00f3rum de Aprendizagem do Paran\u00e1 \u00e9 formado por diversas institui\u00e7\u00f5es que trabalham com a promo\u00e7\u00e3o de programas de aprendizagem profissional, voltados \u00e0 jovens de 14 a 24 anos.<\/p>\n\n\n\n<p>A coordena\u00e7\u00e3o atual do F\u00f3rum \u00e9 composta por Gilberto Carlos Muniz, representante da Associa\u00e7\u00e3o Beneficente Curitibana (ABC Vida), e Marciney Santos de Oliveira, do Instituto Nacional do Trabalhador (Inat), al\u00e9m dos membros permanentes Rui Alberto Ecke Tavares (auditor fiscal da Ger\u00eancia Regional do Trabalho e Previd\u00eancia do Paran\u00e1); Mariane Josviak (procuradora regional do MPT-PR); e Rosemarie Diedrichs Pimp\u00e3o (desembargadora do Tribunal Regional do Trabalho da 9\u00aa Regi\u00e3o &#8211; TRT-PR).<\/p>\n\n\n\n<p>Todas as informa\u00e7\u00f5es sobre o F\u00f3rum Estadual de Aprendizagem no Paran\u00e1, incluindo atas e grava\u00e7\u00f5es das reuni\u00f5es mensais, est\u00e3o dispon\u00edveis em: https:\/\/www.prt9.mpt.mp.br\/informe-se\/foruns\/aprendizagem-parana<\/p>\n","protected":false},"excerpt":{"rendered":"<p>fonte: https:\/\/www.bemparana.com.br 16\/05\/22 \u00e0s 09:55&nbsp;Atualizado \u00e0s 20:12Reda\u00e7\u00e3o Bem Paran\u00e1 Com o lema #NenhumAprendizAMenos, representantes de organiza\u00e7\u00f5es formadoras de aprendizagem, sociedade civil organizada, \u00f3rg\u00e3os p\u00fablicos, al\u00e9m de jovens estudantes e aprendizes realizam nesta segunda (16) pela manh\u00e3 na frente da Assembleia Legislativa do Paran\u00e1, em Curitiba, um protesto contra a Medida [&hellip;]<\/p>\n","protected":false},"author":5,"featured_media":0,"comment_status":"open","ping_status":"open","sticky":false,"template":"","format":"standard","meta":{"_acf_changed":false,"iawp_total_views":0,"_joinchat":[],"footnotes":""},"categories":[1],"tags":[],"class_list":["post-2390","post","type-post","status-publish","format-standard","hentry","category-blog"],"acf":[],"_links":{"self":[{"href":"https:\/\/aefspr.org.br\/index.php?rest_route=\/wp\/v2\/posts\/2390","targetHints":{"allow":["GET"]}}],"collection":[{"href":"https:\/\/aefspr.org.br\/index.php?rest_route=\/wp\/v2\/posts"}],"about":[{"href":"https:\/\/aefspr.org.br\/index.php?rest_route=\/wp\/v2\/types\/post"}],"author":[{"embeddable":true,"href":"https:\/\/aefspr.org.br\/index.php?rest_route=\/wp\/v2\/users\/5"}],"replies":[{"embeddable":true,"href":"https:\/\/aefspr.org.br\/index.php?rest_route=%2Fwp%2Fv2%2Fcomments&post=2390"}],"version-history":[{"count":1,"href":"https:\/\/aefspr.org.br\/index.php?rest_route=\/wp\/v2\/posts\/2390\/revisions"}],"predecessor-version":[{"id":2391,"href":"https:\/\/aefspr.org.br\/index.php?rest_route=\/wp\/v2\/posts\/2390\/revisions\/2391"}],"wp:attachment":[{"href":"https:\/\/aefspr.org.br\/index.php?rest_route=%2Fwp%2Fv2%2Fmedia&parent=2390"}],"wp:term":[{"taxonomy":"category","embeddable":true,"href":"https:\/\/aefspr.org.br\/index.php?rest_route=%2Fwp%2Fv2%2Fcategories&post=2390"},{"taxonomy":"post_tag","embeddable":true,"href":"https:\/\/aefspr.org.br\/index.php?rest_route=%2Fwp%2Fv2%2Ftags&post=2390"}],"curies":[{"name":"wp","href":"https:\/\/api.w.org\/{rel}","templated":true}]}}